{"id":851,"date":"2016-03-11T00:12:11","date_gmt":"2016-03-10T22:12:11","guid":{"rendered":"http:\/\/blog.franke-ip.com\/de\/?p=851"},"modified":"2026-06-19T23:17:28","modified_gmt":"2026-06-19T21:17:28","slug":"habm-namensaenderung-und-neues-verfahrensrecht","status":"publish","type":"post","link":"https:\/\/blog.franke-ip.com\/de\/habm-namensaenderung-und-neues-verfahrensrecht\/","title":{"rendered":"HABM: Namens\u00e4nderung und Neues Verfahrensrecht"},"content":{"rendered":"<div class=\"wp-block-image\">\n<figure class=\"alignright\"><a href=\"https:\/\/blog.franke-ip.com\/de\/wp-content\/uploads\/2016\/03\/EU-flag.jpg\" rel=\"attachment wp-att-847\"><img loading=\"lazy\" decoding=\"async\" width=\"300\" height=\"201\" src=\"https:\/\/blog.franke-ip.com\/de\/wp-content\/uploads\/2016\/03\/EU-flag-300x201.jpg\" alt=\"EU flag\" class=\"wp-image-847\" srcset=\"https:\/\/blog.franke-ip.com\/de\/wp-content\/uploads\/2016\/03\/EU-flag-300x201.jpg 300w, https:\/\/blog.franke-ip.com\/de\/wp-content\/uploads\/2016\/03\/EU-flag.jpg 640w\" sizes=\"auto, (max-width: 300px) 100vw, 300px\" \/><\/a><\/figure>\n<\/div>\n\n\n<p class=\"wp-block-paragraph\">Wie das Harmonisierungsamt f\u00fcr den Binnenmarkt in Alicante (HABM) in einer Online-Pressemitteilung bekannt gegeben hat, wird am 23. M\u00e4rz 2016 die Verordnung (EU) 2015\/2424 des Europ\u00e4ischen Parlaments und des Rates vom 16. Dezember 2015 (kurz: Unionsmarkenverordnung) in Kraft treten.<\/p>\n\n\n\n<p class=\"wp-block-paragraph\">Hierdurch ergeben sich die f\u00fcr die Anmelder und Inhaber von Gemeinschaftsmarken die folgenden \u00c4nderungen.<\/p>\n\n\n\n<h2 class=\"wp-block-heading\">1. Namens\u00e4nderungen<\/h2>\n\n\n\n<p class=\"wp-block-paragraph\">Das HABM f\u00fchrt ab dem 23. M\u00e4rz 2016 die neue Bezeichnung &#8222;Amt der Europ\u00e4ischen Union f\u00fcr Geistiges Eigentum (EUIPO)&#8220;. Die Gemeinschaftsmarke hei\u00dft ab diesem Datum entsprechend &#8222;Unionsmarke&#8220; (engl. &#8222;European Union trade mark&#8220; oder kurz: EUTM).<\/p>\n\n\n\n<p class=\"wp-block-paragraph\">Zudem werden alle Emailadressen der Besch\u00e4ftigten des HABM ge\u00e4ndert. Die neuen Emailadressen der Besch\u00e4ftigten lauten: name.vorname@euipo.europa.eu. Die Amts-Webseite wird zuk\u00fcnftig ausschlie\u00dflich unter der folgenden Domain erreichbar sein: www.euipo.europa.eu.<\/p>\n\n\n\n<h2 class=\"wp-block-heading\">2. Neue Geb\u00fchrenordnung<\/h2>\n\n\n\n<p class=\"wp-block-paragraph\">Das Geb\u00fchrensystem des EUIPO \u00e4ndert das bestehende Geb\u00fchrensystem des HABM bez\u00fcglich sowohl der Anmeldung als auch der Verl\u00e4ngerung von Marken. Zudem wurden die Geb\u00fchren in Markenstreitverfahren und Beschwerdeverfahren ge\u00e4ndert.<\/p>\n\n\n\n<h3 class=\"wp-block-heading\">2.1 Geb\u00fchren bei der Anmeldung von Unionsmarken<\/h3>\n\n\n\n<p class=\"wp-block-paragraph\">Die Grundgeb\u00fchr f\u00fcr die Anmeldung von Marken umfasst k\u00fcnftig nur noch eine Klassengeb\u00fchr statt wie bisher drei Klassengeb\u00fchren. Mit anderen Worten muss f\u00fcr eine Anmeldung ab der zweiten Klasse und f\u00fcr jede weitere Klasse eine separate Klassengeb\u00fchr entrichtet werden. Die Geb\u00fchren sind in der nachstehenden Tabelle zusammengefasst.<\/p>\n\n\n\n<figure class=\"wp-block-table\"><table class=\"has-fixed-layout\"><tbody><tr><td>Anzahl Klassen<\/td><td>aktuelle Geb\u00fchr<br>\n(online Einreichung)<\/td><td>neue Geb\u00fchr<br>\n(online Einreichung)<\/td><\/tr><tr><td>1 Klasse<\/td><td>900 EUR<\/td><td>850 EUR<\/td><\/tr><tr><td>2 Klassen<\/td><td>900 EUR<\/td><td>900 EUR<\/td><\/tr><tr><td>3 Klassen<\/td><td>900 EUR<\/td><td>1.050 EUR<\/td><\/tr><tr><td>jede weitere Klasse<\/td><td>150 EUR<\/td><td>150 EUR<\/td><\/tr><\/tbody><\/table><\/figure>\n\n\n\n<h3 class=\"wp-block-heading\">2.2 Geb\u00fchren bei der Verl\u00e4ngerung von Unionsmarken<\/h3>\n\n\n\n<p class=\"wp-block-paragraph\">Die Verl\u00e4ngerungsgeb\u00fchren werden gesenkt und entsprechen nun sowohl der H\u00f6he nach als auch der Strukturierung nach den Anmelde- und Klassengeb\u00fchren. Die Verl\u00e4ngerungsgeb\u00fchren sind in der folgenden Tabelle zusammengefasst.<\/p>\n\n\n\n<figure class=\"wp-block-table\"><table class=\"has-fixed-layout\"><tbody><tr><td>Anzahl Klassen<\/td><td>aktuelle Geb\u00fchr<br>\n(online Einreichung)<\/td><td>neue Geb\u00fchr<br>\n(online Einreichung)<\/td><\/tr><tr><td>1 Klasse<\/td><td>1.350 EUR<\/td><td>850 EUR<\/td><\/tr><tr><td>2 Klassen<\/td><td>1.350 EUR<\/td><td>900 EUR<\/td><\/tr><tr><td>3 Klassen<\/td><td>1.350 EUR<\/td><td>1.050 EUR<\/td><\/tr><tr><td>jede weitere Klasse<\/td><td>400 EUR<\/td><td>150 EUR<\/td><\/tr><\/tbody><\/table><\/figure>\n\n\n\n<p class=\"wp-block-paragraph\">In Ab\u00e4nderung zur bisherigen Praxis muss die Verl\u00e4ngerung nunmehr gem\u00e4\u00df Art. 47 (3) Unionsmarkenverordnung sp\u00e4testens am letzten Tag, an dem die Schutzdauer endet, gestellt werden.<\/p>\n\n\n\n<p class=\"wp-block-paragraph\">Beispiel: f\u00fcr eine am 15. April 2016 angemeldete Unionsmarke ist die Verl\u00e4ngerungsgeb\u00fchr sp\u00e4testens am 15. April 2026 (Freitag) zu entrichten.<\/p>\n\n\n\n<p class=\"wp-block-paragraph\">Wenn die Unionsmarke nicht innerhalb der Grundfrist verl\u00e4ngert wird, kann der Antrag weiterhin gestellt und die Verl\u00e4ngerungsgeb\u00fchr weiterhin entrichtet werden, sofern eine Zuschlagsgeb\u00fchr entrichtet wird, und zwar innerhalb einer weiteren Frist von sechs Monaten nach dem Tag, an dem die Schutzdauer endet.<\/p>\n\n\n\n<h3 class=\"wp-block-heading\">2.3 Geb\u00fchren in Verbindung mit Unionsmarken<\/h3>\n\n\n\n<p class=\"wp-block-paragraph\">Die Verfahrensgeb\u00fchren f\u00fcr die Einreichung von Widerspr\u00fcchen, L\u00f6schungsantr\u00e4gen und Beschwerden werden gesenkt, wie aus der folgenden Tabelle ersichtlich ist.<\/p>\n\n\n\n<figure class=\"wp-block-table\"><table class=\"has-fixed-layout\"><tbody><tr><td>Verfahren<\/td><td>aktuelle Geb\u00fchr<\/td><td>neue Geb\u00fchr<\/td><\/tr><tr><td>Widerspruch<\/td><td>350 EUR<\/td><td>320 EUR<\/td><\/tr><tr><td>L\u00f6schung<\/td><td>700 EUR<\/td><td>630 EUR<\/td><\/tr><tr><td>Beschwerde<\/td><td>800 EUR<\/td><td>720 EUR<\/td><\/tr><\/tbody><\/table><\/figure>\n\n\n\n<h2 class=\"wp-block-heading\">3. Einf\u00fchrung von Gew\u00e4hrleistungsmarken<\/h2>\n\n\n\n<p class=\"wp-block-paragraph\">Ab dem 1. Okotober 2017 wird eine neue Schutzrechtsart, die sogenannte Gew\u00e4hrleistungsmarke (engl. &#8222;EU certification mark&#8220;) eingef\u00fchrt. Die Gew\u00e4hrleistungsmarke entspricht dem Wesen nach der deutschen Kollektivmarke. Auch in anderen nationalen Markengesetzen der EU-Mitgliedsstaaten sind seit langer Zeit \u00e4hnliche Schutzrechte bekannt.<\/p>\n\n\n\n<p class=\"wp-block-paragraph\">Die Gew\u00e4hrleistungsmarke kennzeichnet einen Qualit\u00e4tsstandard f\u00fcr die unter der Marke angebotenen Waren. Sie steht nur Mitgliedern einer Organisation zur Verf\u00fcgung, die die Einhaltung der Qualit\u00e4tsstandards pr\u00fcft. Aus diesem Grund muss der Anmelder einer Gew\u00e4hrleistungsmarke zusammen mit der Einreichung der Anmeldung eine Satzung der Organisation vorlegen.<\/p>\n\n\n\n<h2 class=\"wp-block-heading\">4. Einf\u00fchrung neuer Markenformen<\/h2>\n\n\n\n<p class=\"wp-block-paragraph\">Die Eintragung neuer Markenformen soll erleichtert werden. Auf das Erfordernis der grafischen Darstellbarkeit als absolutes Eintragungshindernis wird ab dem 1. Oktober 2017 verzichtet. Neue Markenformen, wie beispielsweise H\u00f6rmarken oder Geruchsmarken, die selbst nicht grafisch darstellbar sind, werden damit grunds\u00e4tzlich eintragungsf\u00e4hig.<\/p>\n\n\n\n<p class=\"wp-block-paragraph\">Ungekl\u00e4rt ist derzeit leider noch, wie die nichtgrafische Darstellung solcher Marken in jedem Einzelfall k\u00fcnftig erfolgen kann.<\/p>\n\n\n\n<h2 class=\"wp-block-heading\">5. M\u00f6gliche Beschagnahme im europ\u00e4ischen Warentransit<\/h2>\n\n\n\n<p class=\"wp-block-paragraph\">Die Unionsmarkenverordnung soll die Beschagnahme von Waren im europ\u00e4ischen Transit erleichtern. Dies betrifft Waren, die sich in der Durchfuhr durch die Europ\u00e4ische Union befinden.<\/p>\n\n\n\n<p class=\"wp-block-paragraph\">Die Markeninhaber werden Waren, die mit ihren Marken widerrechtlich gekennzeichnet sind, k\u00fcnftig auch im reinen Durchfuhrverkehr beschlagnahmen lassen k\u00f6nnen. Die Beschlagnahme kann allerdings dadurch abgewehrt werden, dass der potentielle Markenverletzer nachweist, dass er die Waren im Bestimmungsland rechtm\u00e4\u00dfig in Verkehr bringen darf.<\/p>\n\n\n\n<h2 class=\"wp-block-heading\">6. Interpretation des Waren- und Dienstleistungsverzeichnisses<\/h2>\n\n\n\n<p class=\"wp-block-paragraph\">Wie der Europ\u00e4ische Gerichtshof mit seiner Entscheidung <a href=\"http:\/\/dejure.org\/dienste\/vernetzung\/rechtsprechung?Text=C-307\/10\">&#8222;IP Translator&#8220; (C-307\/10)<\/a> entschieden hat, umfassen die in einer Markenanmeldung beanspruchten Oberbegriffe der Waren und Dienstleistungen einer Nizza-Klasse nicht automatisch alle in die Klasse fallenden Waren und Dienstleistungen. Nach dem aus der angewandten Informatik bekannten WYSIWYG-Ansatz (engl. &#8222;what you see is what you get&#8220;) sind lediglich und ausschlie\u00dflich die Waren und Dienstleistungen gesch\u00fctzt, die auch w\u00f6rtlich unter den Oberbegriff fallen.<\/p>\n\n\n\n<p class=\"wp-block-paragraph\">Dieser Grundsatz ist nun in \u00a7 28 (5) der Unionsmarkenverordnung kodifiziert worden und wird nicht nur f\u00fcr die neu angemeldeten Unionsmarken gelten, sondern auch f\u00fcr alle Altf\u00e4lle. Da die Anwendung des neuen materiellen Rechts f\u00fcr Altf\u00e4lle grunds\u00e4tzlich einen Rechtsverlust darstellen kann, sieht die Unionsmarkenverordnung eine \u00dcbergangsregelung f\u00fcr vor dem 22. Juni 2012 angemeldete Gemeinschaftsmarken vor. Bis zum 24. September 2016 k\u00f6nnen die Inhaber dieser Marken erkl\u00e4ren, ob die gew\u00e4hlten Oberbegriffe auch alle weiteren Waren und Dienstleistungen in einer Klasse sch\u00fctzen sollen und k\u00f6nnen diese Waren und Dienstleistungen nachanmelden.<\/p>\n\n\n\n<p class=\"wp-block-paragraph\">Dies gilt jedoch nur dann, wenn die Begriffe nicht w\u00f6rtlich unter einen der beanspruchten Oberbegriffe subsumiert werden k\u00f6nnen. Die nachzumeldenden Waren und Dienstleistungen m\u00fcssen aus der alphabetischen Liste der zur Zeit der Anmeldung der Marke g\u00fcltigen Nizza-Klassifizierung ausgew\u00e4hlt werden.<\/p>\n\n\n\n<h2 class=\"wp-block-heading\">7. Unsere Einsch\u00e4tzung<\/h2>\n\n\n\n<p class=\"wp-block-paragraph\">Aus unserer Sicht sind die mit der Unionsmarkenverordnung eingef\u00fchrten verfahrensrechtlichen und materiellen \u00c4nderungen grunds\u00e4tzlich zu begr\u00fc\u00dfen. Auch die Anpassung der Verl\u00e4ngerungsgeb\u00fchren an die Anmeldegeb\u00fchren d\u00fcrfte die Anzahl der&nbsp; gegebenenfalls rechtsmissbr\u00e4uchlichen Wiederholungsanmeldungen reduzieren.<\/p>\n\n\n\n<p class=\"wp-block-paragraph\">Hinsichtlich des nunmehr in der Verordnung kodifizierten WYSIWYG-Ansatzes zur Interpretation des Schutzumfanges der Marken empfehlen wir den Inhabern und Anmeldern, ihre Markenportfolios hinsichtlich Marken zu pr\u00fcfen, bei denen aufgrund der Verwendung von Oberbegriffen noch Handlungsbedarf bis zum 24. September 2016 besteht. Im Zweifelsfall sollte eine entsprechende Erkl\u00e4rung beim EUIPO eingereicht und die gew\u00fcnschten (fehlenden) Waren und Dienstleistungen nachangemeldet werden.<\/p>\n\n\n\n<p class=\"wp-block-paragraph\"><span style=\"font-size: x-small;\">Foto: \u00a9 <a href=\"https:\/\/www.flickr.com\/photos\/mpd01605\/6755068753\/\">MPD01605<\/a>, <a href=\"https:\/\/creativecommons.org\/licenses\/by-sa\/2.0\/\">[CC BY-SA 2.0]<\/a><\/span><\/p>\n","protected":false},"excerpt":{"rendered":"<p>Wie das Harmonisierungsamt f\u00fcr den Binnenmarkt in Alicante (HABM) in einer Online-Pressemitteilung bekannt gegeben hat, wird am 23. M\u00e4rz 2016 die Verordnung (EU) 2015\/2424 des Europ\u00e4ischen Parlaments und des Rates vom 16. Dezember 2015 (kurz: Unionsmarkenverordnung) in Kraft treten. Hierdurch &hellip; <a href=\"https:\/\/blog.franke-ip.com\/de\/habm-namensaenderung-und-neues-verfahrensrecht\/\">Weiterlesen <span class=\"meta-nav\">&rarr;<\/span><\/a><\/p>\n","protected":false},"author":1,"featured_media":847,"comment_status":"open","ping_status":"closed","sticky":false,"template":"","format":"standard","meta":{"footnotes":""},"categories":[45,132,15],"tags":[167,165,90,79,171,75,166,170,172,164,163,168,169],"class_list":["post-851","post","type-post","status-publish","format-standard","has-post-thumbnail","hentry","category-europarecht","category-internationales-recht","category-markenrecht","tag-ctm","tag-euipo","tag-gebuehrenordnung","tag-gemeinschaftsmarke","tag-graphische-darstellbarkeit","tag-habm","tag-harmonisierungsamt","tag-ip-translator","tag-markenformen","tag-unionsmarke","tag-unionsmarkenverordnung","tag-waren-und-dienstleistungsverzeichnis","tag-wysiwyg-ansatz"],"yoast_head":"<!-- This site is optimized with the Yoast SEO plugin v28.3 - https:\/\/yoast.com\/product\/yoast-seo-wordpress\/ -->\n<title>HABM: Namens\u00e4nderung und Neues Verfahrensrecht - Franke IP Information<\/title>\n<meta name=\"robots\" content=\"index, follow, max-snippet:-1, max-image-preview:large, max-video-preview:-1\" \/>\n<link rel=\"canonical\" href=\"https:\/\/blog.franke-ip.com\/de\/habm-namensaenderung-und-neues-verfahrensrecht\/\" \/>\n<meta name=\"twitter:label1\" content=\"Verfasst von\" \/>\n\t<meta name=\"twitter:data1\" content=\"Dr. Dirk Franke\" \/>\n\t<meta name=\"twitter:label2\" content=\"Gesch\u00e4tzte Lesezeit\" \/>\n\t<meta name=\"twitter:data2\" content=\"6\u00a0Minuten\" \/>\n<script type=\"application\/ld+json\" class=\"yoast-schema-graph\">{\"@context\":\"https:\\\/\\\/schema.org\",\"@graph\":[{\"@type\":\"Article\",\"@id\":\"https:\\\/\\\/blog.franke-ip.com\\\/de\\\/habm-namensaenderung-und-neues-verfahrensrecht\\\/#article\",\"isPartOf\":{\"@id\":\"https:\\\/\\\/blog.franke-ip.com\\\/de\\\/habm-namensaenderung-und-neues-verfahrensrecht\\\/\"},\"author\":{\"name\":\"Dr. Dirk Franke\",\"@id\":\"https:\\\/\\\/blog.franke-ip.com\\\/de\\\/#\\\/schema\\\/person\\\/96a45413fb6d4aa157003b7cabc1e70d\"},\"headline\":\"HABM: Namens\u00e4nderung und Neues Verfahrensrecht\",\"datePublished\":\"2016-03-10T22:12:11+00:00\",\"dateModified\":\"2026-06-19T21:17:28+00:00\",\"mainEntityOfPage\":{\"@id\":\"https:\\\/\\\/blog.franke-ip.com\\\/de\\\/habm-namensaenderung-und-neues-verfahrensrecht\\\/\"},\"wordCount\":1033,\"commentCount\":6,\"image\":{\"@id\":\"https:\\\/\\\/blog.franke-ip.com\\\/de\\\/habm-namensaenderung-und-neues-verfahrensrecht\\\/#primaryimage\"},\"thumbnailUrl\":\"https:\\\/\\\/blog.franke-ip.com\\\/de\\\/wp-content\\\/uploads\\\/2016\\\/03\\\/EU-flag.jpg\",\"keywords\":[\"CTM\",\"EUIPO\",\"Geb\u00fchrenordnung\",\"Gemeinschaftsmarke\",\"graphische Darstellbarkeit\",\"HABM\",\"Harmonisierungsamt\",\"IP-Translator\",\"Markenformen\",\"Unionsmarke\",\"Unionsmarkenverordnung\",\"Waren- und Dienstleistungsverzeichnis\",\"WYSIWYG-Ansatz\"],\"articleSection\":[\"Europarecht\",\"internationales Recht\",\"Markenrecht\"],\"inLanguage\":\"de\",\"potentialAction\":[{\"@type\":\"CommentAction\",\"name\":\"Comment\",\"target\":[\"https:\\\/\\\/blog.franke-ip.com\\\/de\\\/habm-namensaenderung-und-neues-verfahrensrecht\\\/#respond\"]}]},{\"@type\":\"WebPage\",\"@id\":\"https:\\\/\\\/blog.franke-ip.com\\\/de\\\/habm-namensaenderung-und-neues-verfahrensrecht\\\/\",\"url\":\"https:\\\/\\\/blog.franke-ip.com\\\/de\\\/habm-namensaenderung-und-neues-verfahrensrecht\\\/\",\"name\":\"HABM: Namens\u00e4nderung und Neues Verfahrensrecht - Franke IP Information\",\"isPartOf\":{\"@id\":\"https:\\\/\\\/blog.franke-ip.com\\\/de\\\/#website\"},\"primaryImageOfPage\":{\"@id\":\"https:\\\/\\\/blog.franke-ip.com\\\/de\\\/habm-namensaenderung-und-neues-verfahrensrecht\\\/#primaryimage\"},\"image\":{\"@id\":\"https:\\\/\\\/blog.franke-ip.com\\\/de\\\/habm-namensaenderung-und-neues-verfahrensrecht\\\/#primaryimage\"},\"thumbnailUrl\":\"https:\\\/\\\/blog.franke-ip.com\\\/de\\\/wp-content\\\/uploads\\\/2016\\\/03\\\/EU-flag.jpg\",\"datePublished\":\"2016-03-10T22:12:11+00:00\",\"dateModified\":\"2026-06-19T21:17:28+00:00\",\"author\":{\"@id\":\"https:\\\/\\\/blog.franke-ip.com\\\/de\\\/#\\\/schema\\\/person\\\/96a45413fb6d4aa157003b7cabc1e70d\"},\"breadcrumb\":{\"@id\":\"https:\\\/\\\/blog.franke-ip.com\\\/de\\\/habm-namensaenderung-und-neues-verfahrensrecht\\\/#breadcrumb\"},\"inLanguage\":\"de\",\"potentialAction\":[{\"@type\":\"ReadAction\",\"target\":[\"https:\\\/\\\/blog.franke-ip.com\\\/de\\\/habm-namensaenderung-und-neues-verfahrensrecht\\\/\"]}]},{\"@type\":\"ImageObject\",\"inLanguage\":\"de\",\"@id\":\"https:\\\/\\\/blog.franke-ip.com\\\/de\\\/habm-namensaenderung-und-neues-verfahrensrecht\\\/#primaryimage\",\"url\":\"https:\\\/\\\/blog.franke-ip.com\\\/de\\\/wp-content\\\/uploads\\\/2016\\\/03\\\/EU-flag.jpg\",\"contentUrl\":\"https:\\\/\\\/blog.franke-ip.com\\\/de\\\/wp-content\\\/uploads\\\/2016\\\/03\\\/EU-flag.jpg\",\"width\":640,\"height\":428},{\"@type\":\"BreadcrumbList\",\"@id\":\"https:\\\/\\\/blog.franke-ip.com\\\/de\\\/habm-namensaenderung-und-neues-verfahrensrecht\\\/#breadcrumb\",\"itemListElement\":[{\"@type\":\"ListItem\",\"position\":1,\"name\":\"Home\",\"item\":\"https:\\\/\\\/blog.franke-ip.com\\\/de\\\/\"},{\"@type\":\"ListItem\",\"position\":2,\"name\":\"HABM: Namens\u00e4nderung und Neues Verfahrensrecht\"}]},{\"@type\":\"WebSite\",\"@id\":\"https:\\\/\\\/blog.franke-ip.com\\\/de\\\/#website\",\"url\":\"https:\\\/\\\/blog.franke-ip.com\\\/de\\\/\",\"name\":\"Franke IP Information\",\"description\":\"IP-RECHT UND PRAXIS\",\"potentialAction\":[{\"@type\":\"SearchAction\",\"target\":{\"@type\":\"EntryPoint\",\"urlTemplate\":\"https:\\\/\\\/blog.franke-ip.com\\\/de\\\/?s={search_term_string}\"},\"query-input\":{\"@type\":\"PropertyValueSpecification\",\"valueRequired\":true,\"valueName\":\"search_term_string\"}}],\"inLanguage\":\"de\"},{\"@type\":\"Person\",\"@id\":\"https:\\\/\\\/blog.franke-ip.com\\\/de\\\/#\\\/schema\\\/person\\\/96a45413fb6d4aa157003b7cabc1e70d\",\"name\":\"Dr. Dirk Franke\",\"image\":{\"@type\":\"ImageObject\",\"inLanguage\":\"de\",\"@id\":\"https:\\\/\\\/blog.franke-ip.com\\\/de\\\/wp-content\\\/uploads\\\/2013\\\/10\\\/Dr.-Dirk-Franke_avatar_1381400598-96x96.jpg\",\"url\":\"https:\\\/\\\/blog.franke-ip.com\\\/de\\\/wp-content\\\/uploads\\\/2013\\\/10\\\/Dr.-Dirk-Franke_avatar_1381400598-96x96.jpg\",\"contentUrl\":\"https:\\\/\\\/blog.franke-ip.com\\\/de\\\/wp-content\\\/uploads\\\/2013\\\/10\\\/Dr.-Dirk-Franke_avatar_1381400598-96x96.jpg\",\"caption\":\"Dr. Dirk Franke\"},\"sameAs\":[\"http:\\\/\\\/franke-ip.com\\\/de\\\/dirkfranke.php\",\"https:\\\/\\\/www.facebook.com\\\/FrankePartner\",\"https:\\\/\\\/x.com\\\/http:\\\/\\\/franke_ip\"],\"url\":\"https:\\\/\\\/blog.franke-ip.com\\\/de\\\/author\\\/dirk-franke\\\/\"}]}<\/script>\n<!-- \/ Yoast SEO plugin. -->","yoast_head_json":{"title":"HABM: Namens\u00e4nderung und Neues Verfahrensrecht - Franke IP Information","robots":{"index":"index","follow":"follow","max-snippet":"max-snippet:-1","max-image-preview":"max-image-preview:large","max-video-preview":"max-video-preview:-1"},"canonical":"https:\/\/blog.franke-ip.com\/de\/habm-namensaenderung-und-neues-verfahrensrecht\/","twitter_misc":{"Verfasst von":"Dr. Dirk Franke","Gesch\u00e4tzte Lesezeit":"6\u00a0Minuten"},"schema":{"@context":"https:\/\/schema.org","@graph":[{"@type":"Article","@id":"https:\/\/blog.franke-ip.com\/de\/habm-namensaenderung-und-neues-verfahrensrecht\/#article","isPartOf":{"@id":"https:\/\/blog.franke-ip.com\/de\/habm-namensaenderung-und-neues-verfahrensrecht\/"},"author":{"name":"Dr. Dirk Franke","@id":"https:\/\/blog.franke-ip.com\/de\/#\/schema\/person\/96a45413fb6d4aa157003b7cabc1e70d"},"headline":"HABM: Namens\u00e4nderung und Neues Verfahrensrecht","datePublished":"2016-03-10T22:12:11+00:00","dateModified":"2026-06-19T21:17:28+00:00","mainEntityOfPage":{"@id":"https:\/\/blog.franke-ip.com\/de\/habm-namensaenderung-und-neues-verfahrensrecht\/"},"wordCount":1033,"commentCount":6,"image":{"@id":"https:\/\/blog.franke-ip.com\/de\/habm-namensaenderung-und-neues-verfahrensrecht\/#primaryimage"},"thumbnailUrl":"https:\/\/blog.franke-ip.com\/de\/wp-content\/uploads\/2016\/03\/EU-flag.jpg","keywords":["CTM","EUIPO","Geb\u00fchrenordnung","Gemeinschaftsmarke","graphische Darstellbarkeit","HABM","Harmonisierungsamt","IP-Translator","Markenformen","Unionsmarke","Unionsmarkenverordnung","Waren- und Dienstleistungsverzeichnis","WYSIWYG-Ansatz"],"articleSection":["Europarecht","internationales Recht","Markenrecht"],"inLanguage":"de","potentialAction":[{"@type":"CommentAction","name":"Comment","target":["https:\/\/blog.franke-ip.com\/de\/habm-namensaenderung-und-neues-verfahrensrecht\/#respond"]}]},{"@type":"WebPage","@id":"https:\/\/blog.franke-ip.com\/de\/habm-namensaenderung-und-neues-verfahrensrecht\/","url":"https:\/\/blog.franke-ip.com\/de\/habm-namensaenderung-und-neues-verfahrensrecht\/","name":"HABM: Namens\u00e4nderung und Neues Verfahrensrecht - Franke IP Information","isPartOf":{"@id":"https:\/\/blog.franke-ip.com\/de\/#website"},"primaryImageOfPage":{"@id":"https:\/\/blog.franke-ip.com\/de\/habm-namensaenderung-und-neues-verfahrensrecht\/#primaryimage"},"image":{"@id":"https:\/\/blog.franke-ip.com\/de\/habm-namensaenderung-und-neues-verfahrensrecht\/#primaryimage"},"thumbnailUrl":"https:\/\/blog.franke-ip.com\/de\/wp-content\/uploads\/2016\/03\/EU-flag.jpg","datePublished":"2016-03-10T22:12:11+00:00","dateModified":"2026-06-19T21:17:28+00:00","author":{"@id":"https:\/\/blog.franke-ip.com\/de\/#\/schema\/person\/96a45413fb6d4aa157003b7cabc1e70d"},"breadcrumb":{"@id":"https:\/\/blog.franke-ip.com\/de\/habm-namensaenderung-und-neues-verfahrensrecht\/#breadcrumb"},"inLanguage":"de","potentialAction":[{"@type":"ReadAction","target":["https:\/\/blog.franke-ip.com\/de\/habm-namensaenderung-und-neues-verfahrensrecht\/"]}]},{"@type":"ImageObject","inLanguage":"de","@id":"https:\/\/blog.franke-ip.com\/de\/habm-namensaenderung-und-neues-verfahrensrecht\/#primaryimage","url":"https:\/\/blog.franke-ip.com\/de\/wp-content\/uploads\/2016\/03\/EU-flag.jpg","contentUrl":"https:\/\/blog.franke-ip.com\/de\/wp-content\/uploads\/2016\/03\/EU-flag.jpg","width":640,"height":428},{"@type":"BreadcrumbList","@id":"https:\/\/blog.franke-ip.com\/de\/habm-namensaenderung-und-neues-verfahrensrecht\/#breadcrumb","itemListElement":[{"@type":"ListItem","position":1,"name":"Home","item":"https:\/\/blog.franke-ip.com\/de\/"},{"@type":"ListItem","position":2,"name":"HABM: Namens\u00e4nderung und Neues Verfahrensrecht"}]},{"@type":"WebSite","@id":"https:\/\/blog.franke-ip.com\/de\/#website","url":"https:\/\/blog.franke-ip.com\/de\/","name":"Franke IP Information","description":"IP-RECHT UND PRAXIS","potentialAction":[{"@type":"SearchAction","target":{"@type":"EntryPoint","urlTemplate":"https:\/\/blog.franke-ip.com\/de\/?s={search_term_string}"},"query-input":{"@type":"PropertyValueSpecification","valueRequired":true,"valueName":"search_term_string"}}],"inLanguage":"de"},{"@type":"Person","@id":"https:\/\/blog.franke-ip.com\/de\/#\/schema\/person\/96a45413fb6d4aa157003b7cabc1e70d","name":"Dr. Dirk Franke","image":{"@type":"ImageObject","inLanguage":"de","@id":"https:\/\/blog.franke-ip.com\/de\/wp-content\/uploads\/2013\/10\/Dr.-Dirk-Franke_avatar_1381400598-96x96.jpg","url":"https:\/\/blog.franke-ip.com\/de\/wp-content\/uploads\/2013\/10\/Dr.-Dirk-Franke_avatar_1381400598-96x96.jpg","contentUrl":"https:\/\/blog.franke-ip.com\/de\/wp-content\/uploads\/2013\/10\/Dr.-Dirk-Franke_avatar_1381400598-96x96.jpg","caption":"Dr. Dirk Franke"},"sameAs":["http:\/\/franke-ip.com\/de\/dirkfranke.php","https:\/\/www.facebook.com\/FrankePartner","https:\/\/x.com\/http:\/\/franke_ip"],"url":"https:\/\/blog.franke-ip.com\/de\/author\/dirk-franke\/"}]}},"_links":{"self":[{"href":"https:\/\/blog.franke-ip.com\/de\/wp-json\/wp\/v2\/posts\/851","targetHints":{"allow":["GET"]}}],"collection":[{"href":"https:\/\/blog.franke-ip.com\/de\/wp-json\/wp\/v2\/posts"}],"about":[{"href":"https:\/\/blog.franke-ip.com\/de\/wp-json\/wp\/v2\/types\/post"}],"author":[{"embeddable":true,"href":"https:\/\/blog.franke-ip.com\/de\/wp-json\/wp\/v2\/users\/1"}],"replies":[{"embeddable":true,"href":"https:\/\/blog.franke-ip.com\/de\/wp-json\/wp\/v2\/comments?post=851"}],"version-history":[{"count":0,"href":"https:\/\/blog.franke-ip.com\/de\/wp-json\/wp\/v2\/posts\/851\/revisions"}],"wp:featuredmedia":[{"embeddable":true,"href":"https:\/\/blog.franke-ip.com\/de\/wp-json\/wp\/v2\/media\/847"}],"wp:attachment":[{"href":"https:\/\/blog.franke-ip.com\/de\/wp-json\/wp\/v2\/media?parent=851"}],"wp:term":[{"taxonomy":"category","embeddable":true,"href":"https:\/\/blog.franke-ip.com\/de\/wp-json\/wp\/v2\/categories?post=851"},{"taxonomy":"post_tag","embeddable":true,"href":"https:\/\/blog.franke-ip.com\/de\/wp-json\/wp\/v2\/tags?post=851"}],"curies":[{"name":"wp","href":"https:\/\/api.w.org\/{rel}","templated":true}]}}