{"id":537,"date":"2014-10-08T16:33:22","date_gmt":"2014-10-08T14:33:22","guid":{"rendered":"http:\/\/blog.franke-ip.com\/de\/?p=537"},"modified":"2026-06-17T09:45:39","modified_gmt":"2026-06-17T07:45:39","slug":"bgh-verletzung-der-farbmarke-gelb-fuer-langenscheidt-woerterbuecher","status":"publish","type":"post","link":"https:\/\/blog.franke-ip.com\/de\/bgh-verletzung-der-farbmarke-gelb-fuer-langenscheidt-woerterbuecher\/","title":{"rendered":"Farbmarke &#8222;gelb&#8220; f\u00fcr Langenscheidt vom BGH best\u00e4tigt"},"content":{"rendered":"<div class=\"wp-block-image\">\n<figure class=\"alignright\"><a href=\"https:\/\/blog.franke-ip.com\/de\/wp-content\/uploads\/2015\/03\/Langenscheid.png\"><img loading=\"lazy\" decoding=\"async\" width=\"160\" height=\"160\" src=\"https:\/\/blog.franke-ip.com\/de\/wp-content\/uploads\/2015\/03\/Langenscheid.png\" alt=\"Langenscheid\" class=\"wp-image-623\" srcset=\"https:\/\/blog.franke-ip.com\/de\/wp-content\/uploads\/2015\/03\/Langenscheid.png 160w, https:\/\/blog.franke-ip.com\/de\/wp-content\/uploads\/2015\/03\/Langenscheid-150x150.png 150w, https:\/\/blog.franke-ip.com\/de\/wp-content\/uploads\/2015\/03\/Langenscheid-144x144.png 144w\" sizes=\"auto, (max-width: 160px) 100vw, 160px\" \/><\/a><\/figure>\n<\/div>\n\n\n<p class=\"wp-block-paragraph\">Der I. Zivilsenat des Bundesgerichtshofs (BGH) hat mit Urteil vom 18. September 2014 entschieden, dass die in Gelb gehaltene Werbung eines auf Sprachlernsoftware spezialisierten Unternehmens die eingetragene Farbmarke der Langenscheidt GmbH &amp; Co. KG verletzt (Az. I ZR 228\/12).<\/p>\n\n\n\n<p class=\"wp-block-paragraph\">Zur Begr\u00fcndung wies der Senat darauf hin, dass Langenscheidt seit 1956 W\u00f6rterb\u00fccher in gelber Farbe vertreibe und Inhaberin einer Farbmarke \u201eGelb&#8220; f\u00fcr W\u00f6rterb\u00fccher sei; die Farbe sei daher als eigenst\u00e4ndiges Produktkennzeichen zu verstehen. Langenscheidt hatte das Unternehmen Rosetta Stone, das seit April 2010 Lernsoftware in gelber Verpackung vertrieb, abgemahnt und Unterlassung wegen Verwechslungsgefahr verlangt.<\/p>\n\n\n\n<p class=\"wp-block-paragraph\">Den Vorinstanzen folgend gab auch der BGH Langenscheidt Recht. Zwischen den W\u00f6rterb\u00fcchern und der Lernsoftware bestehe, so der Senat, eine hohe Waren- und Zeichen\u00e4hnlichkeit; hinzu komme eine zumindest durchschnittliche Kennzeichnungskraft der Farbmarke, sodass die Voraussetzungen der Verwechslungsgefahr erf\u00fcllt seien.<\/p>\n\n\n\n<p class=\"wp-block-paragraph\">Der Klage vorausgegangen war ein von Rosetta Stone eingeleitetes L\u00f6schungsverfahren vor dem DPMA und \u2013 zweitinstanzlich \u2013 dem Bundespatentgericht, das ohne Erfolg geblieben war. Die Entscheidung des BGH in diesem L\u00f6schungsverfahren wurde f\u00fcr den 23. Oktober 2014 erwartet (Az. I ZB 61\/13).<\/p>\n\n\n\n<h2 class=\"wp-block-heading\">Zukunft der Farbmarken<\/h2>\n\n\n\n<p class=\"wp-block-paragraph\">Sollten die Vorinstanzen best\u00e4tigt werden, sollten Unternehmen mit etablierten oder k\u00fcnftig zur Produktidentifizierung genutzten Farben erw\u00e4gen, neben einer schwarz-wei\u00df eingereichten Marke zus\u00e4tzliche Markenanmeldungen f\u00fcr die Farbe \u2013 zumindest f\u00fcr ein begrenztes Waren- bzw. Dienstleistungsspektrum \u2013 einzureichen. Gerade weil bei den europ\u00e4ischen Marken\u00e4mtern f\u00fcr in Graustufen eingereichte Wort-\/Bildmarken eine restriktivere Praxis erwartet wurde (siehe unseren gesonderten Beitrag), sollten diese Schutzm\u00f6glichkeiten nicht ungenutzt bleiben.<\/p>\n\n\n\n<p class=\"wp-block-paragraph\">Nach unseren Informationen war beim DPMA seinerzeit eine erh\u00f6hte Zahl von Anmeldungen abstrakter Farbmarken eingegangen, von denen etwa drei pro Jahr erfolgreich eingetragen wurden. Eine Auswahl beim DPMA registrierter abstrakter Farbmarken (Stand 2014):<\/p>\n\n\n\n<figure class=\"wp-block-table\"><table class=\"has-fixed-layout\"><tbody><tr><th class=\"has-text-align-left\" data-align=\"left\">Farbe<\/th><th class=\"has-text-align-left\" data-align=\"left\">Anmelder\/Inhaber<\/th><th class=\"has-text-align-left\" data-align=\"left\">Waren bzw. Dienstleistungen<\/th><\/tr><tr><td class=\"has-text-align-left\" data-align=\"left\">Lila<\/td><td class=\"has-text-align-left\" data-align=\"left\">Kraft Foods<\/td><td class=\"has-text-align-left\" data-align=\"left\">Schokoladewaren<\/td><\/tr><tr><td class=\"has-text-align-left\" data-align=\"left\">Saatengr\u00fcn<\/td><td class=\"has-text-align-left\" data-align=\"left\">Claas<\/td><td class=\"has-text-align-left\" data-align=\"left\">Landmaschinen<\/td><\/tr><tr><td class=\"has-text-align-left\" data-align=\"left\">Gelb<\/td><td class=\"has-text-align-left\" data-align=\"left\">Deutsche Post<\/td><td class=\"has-text-align-left\" data-align=\"left\">Brief-, Frachtdienst-, Kurierdienstleistungen<\/td><\/tr><tr><td class=\"has-text-align-left\" data-align=\"left\">Blau<\/td><td class=\"has-text-align-left\" data-align=\"left\">BP Europe<\/td><td class=\"has-text-align-left\" data-align=\"left\">Treibstoffe u. a.<\/td><\/tr><tr><td class=\"has-text-align-left\" data-align=\"left\">Magenta<\/td><td class=\"has-text-align-left\" data-align=\"left\">Deutsche Telekom<\/td><td class=\"has-text-align-left\" data-align=\"left\">Telekommunikation u. a.<\/td><\/tr><tr><td class=\"has-text-align-left\" data-align=\"left\">Gelb<\/td><td class=\"has-text-align-left\" data-align=\"left\">Langenscheidt<\/td><td class=\"has-text-align-left\" data-align=\"left\">Zweisprachige W\u00f6rterb\u00fccher in Printform<\/td><\/tr><tr><td class=\"has-text-align-left\" data-align=\"left\">Gelb<\/td><td class=\"has-text-align-left\" data-align=\"left\">Xella Deutschland<\/td><td class=\"has-text-align-left\" data-align=\"left\">Porenbeton<\/td><\/tr><tr><td class=\"has-text-align-left\" data-align=\"left\">Rot<\/td><td class=\"has-text-align-left\" data-align=\"left\">ERGO<\/td><td class=\"has-text-align-left\" data-align=\"left\">Versicherungswesen u. a.<\/td><\/tr><tr><td class=\"has-text-align-left\" data-align=\"left\">Orange<\/td><td class=\"has-text-align-left\" data-align=\"left\">KWS Saat<\/td><td class=\"has-text-align-left\" data-align=\"left\">Maissaatgut<\/td><\/tr><tr><td class=\"has-text-align-left\" data-align=\"left\">Braun<\/td><td class=\"has-text-align-left\" data-align=\"left\">United Parcel Service<\/td><td class=\"has-text-align-left\" data-align=\"left\">Transport und Zustellung von Briefen u. a.<\/td><\/tr><tr><td class=\"has-text-align-left\" data-align=\"left\">Violett<\/td><td class=\"has-text-align-left\" data-align=\"left\">Mars<\/td><td class=\"has-text-align-left\" data-align=\"left\">Heimtierfutter f\u00fcr Katzen<\/td><\/tr><tr><td class=\"has-text-align-left\" data-align=\"left\">Rot<\/td><td class=\"has-text-align-left\" data-align=\"left\">Ferrero Deutschland<\/td><td class=\"has-text-align-left\" data-align=\"left\">Lik\u00f6r-Kirsch-Pralinen<\/td><\/tr><tr><td class=\"has-text-align-left\" data-align=\"left\">Gr\u00fcn<\/td><td class=\"has-text-align-left\" data-align=\"left\">Commerzbank<\/td><td class=\"has-text-align-left\" data-align=\"left\">Finanzwesen u. a.<\/td><\/tr><tr><td class=\"has-text-align-left\" data-align=\"left\">Rot<\/td><td class=\"has-text-align-left\" data-align=\"left\">Deutscher Sparkassen- und Giroverband<\/td><td class=\"has-text-align-left\" data-align=\"left\">Finanzwesen u. a.<\/td><\/tr><tr><td class=\"has-text-align-left\" data-align=\"left\">Gelb<\/td><td class=\"has-text-align-left\" data-align=\"left\">Yello Strom<\/td><td class=\"has-text-align-left\" data-align=\"left\">Erzeugung und Verteilung von Strom<\/td><\/tr><tr><td class=\"has-text-align-left\" data-align=\"left\">Gr\u00fcn<\/td><td class=\"has-text-align-left\" data-align=\"left\">Fraunhofer-Gesellschaft<\/td><td class=\"has-text-align-left\" data-align=\"left\">Wissenschaftliche und technologische Dienstleistungen u. a.<\/td><\/tr><tr><td class=\"has-text-align-left\" data-align=\"left\">Kupfer<\/td><td class=\"has-text-align-left\" data-align=\"left\">Ferrero Deutschland<\/td><td class=\"has-text-align-left\" data-align=\"left\">Schokoladewaren u. a.<\/td><\/tr><tr><td class=\"has-text-align-left\" data-align=\"left\">Lila<\/td><td class=\"has-text-align-left\" data-align=\"left\">Henkel<\/td><td class=\"has-text-align-left\" data-align=\"left\">Tapetenkleister<\/td><\/tr><tr><td class=\"has-text-align-left\" data-align=\"left\">Orange<\/td><td class=\"has-text-align-left\" data-align=\"left\">OBI<\/td><td class=\"has-text-align-left\" data-align=\"left\">Einzelhandel im Bereich Bau- und Heimwerkerartikel<\/td><\/tr><tr><td class=\"has-text-align-left\" data-align=\"left\">Rot<\/td><td class=\"has-text-align-left\" data-align=\"left\">Verlag C. H. Beck<\/td><td class=\"has-text-align-left\" data-align=\"left\">Loseblatt-Textausgaben von Gesetzen<\/td><\/tr><tr><td class=\"has-text-align-left\" data-align=\"left\">Orange<\/td><td class=\"has-text-align-left\" data-align=\"left\">Verlag C. H. Beck<\/td><td class=\"has-text-align-left\" data-align=\"left\">Juristische Fachzeitschriften<\/td><\/tr><tr><td class=\"has-text-align-left\" data-align=\"left\">Lachsrosa<\/td><td class=\"has-text-align-left\" data-align=\"left\">The Financial Times Limited<\/td><td class=\"has-text-align-left\" data-align=\"left\">Wirtschaftstageszeitungen u. a.<\/td><\/tr><tr><td class=\"has-text-align-left\" data-align=\"left\">Rapsgelb<\/td><td class=\"has-text-align-left\" data-align=\"left\">Gelbe Seiten<\/td><td class=\"has-text-align-left\" data-align=\"left\">Branchentelefonb\u00fccher u. a.<\/td><\/tr><tr><td class=\"has-text-align-left\" data-align=\"left\">Blau<\/td><td class=\"has-text-align-left\" data-align=\"left\">Beiersdorf<\/td><td class=\"has-text-align-left\" data-align=\"left\">Haut- und K\u00f6rperpflegeprodukte<\/td><\/tr><\/tbody><\/table><\/figure>\n\n\n\n<h3 class=\"wp-block-heading\">Update (Stand: 17. Juni 2026)<\/h3>\n\n\n\n<p class=\"wp-block-paragraph\">Das damals offene L\u00f6schungsverfahren ging zugunsten von Langenscheidt aus: Der BGH wies den L\u00f6schungsantrag mit Beschluss vom 23. Oktober 2014 zur\u00fcck (I ZB 61\/13 \u2013 \u201eLangenscheidt-Gelb&#8220;); die Farbmarke blieb eingetragen. Der BGH hat in der Folge die Anforderungen an abstrakte Farbmarken pr\u00e4zisiert und hoch angesetzt: Eine Farbe ist regelm\u00e4\u00dfig nur bei nachgewiesener Verkehrsdurchsetzung schutzf\u00e4hig, weil Verbraucher aus einer Farbe meist nicht auf die betriebliche Herkunft schlie\u00dfen. Das zeigte sich in den Parallelverfahren \u201eNivea-Blau&#8220; (I ZB 65\/13, Beschluss vom 9. Juli 2015 \u2013 Zur\u00fcckverweisung an das BPatG) und \u201eSparkassen-Rot&#8220; (I ZB 52\/15, Beschluss vom 21. Juli 2016). Abstrakte Farbmarken sind also weiterhin eintragbar, aber nur unter strengen Voraussetzungen. Zu beachten ist au\u00dferdem, dass das fr\u00fchere Erfordernis der grafischen Darstellbarkeit zwischenzeitlich entfallen ist (unionsweit zum 1. Oktober 2017; in Deutschland mit dem Markenrechtsmodernisierungsgesetz zum 14. Januar 2019), was die Anmeldung nicht klassisch grafisch darstellbarer Markenformen erleichtert hat. Die obige Tabelle gibt den Registerstand von 2014 wieder und ist nicht aktualisiert.<\/p>\n","protected":false},"excerpt":{"rendered":"<p>Der I. Zivilsenat des Bundesgerichtshofs (BGH) hat mit Urteil vom 18. September 2014 entschieden, dass die in Gelb gehaltene Werbung eines auf Sprachlernsoftware spezialisierten Unternehmens die eingetragene Farbmarke der Langenscheidt GmbH &amp; Co. KG verletzt (Az. I ZR 228\/12). Zur &hellip; <a href=\"https:\/\/blog.franke-ip.com\/de\/bgh-verletzung-der-farbmarke-gelb-fuer-langenscheidt-woerterbuecher\/\">Weiterlesen <span class=\"meta-nav\">&rarr;<\/span><\/a><\/p>\n","protected":false},"author":1,"featured_media":623,"comment_status":"open","ping_status":"closed","sticky":false,"template":"","format":"standard","meta":{"footnotes":""},"categories":[83,15],"tags":[113,112,149,114],"class_list":["post-537","post","type-post","status-publish","format-standard","has-post-thumbnail","hentry","category-deutsches-recht","category-markenrecht","tag-bgh","tag-farbmarke","tag-markenrecht","tag-verletzung"],"yoast_head":"<!-- This site is optimized with the Yoast SEO plugin v28.3 - https:\/\/yoast.com\/product\/yoast-seo-wordpress\/ -->\n<title>Farbmarke &quot;gelb&quot; f\u00fcr Langenscheidt vom BGH best\u00e4tigt - Franke IP Information<\/title>\n<meta name=\"description\" content=\"BGH: Rosetta Stone darf die Farbe Gelb nicht mehr f\u00fcr seine Produkte verwenden, weil Langenscheidt diese Farbmarke f\u00fcr sich gesichert hat.\" \/>\n<meta name=\"robots\" content=\"index, follow, max-snippet:-1, max-image-preview:large, max-video-preview:-1\" \/>\n<link rel=\"canonical\" href=\"https:\/\/blog.franke-ip.com\/de\/bgh-verletzung-der-farbmarke-gelb-fuer-langenscheidt-woerterbuecher\/\" \/>\n<meta name=\"twitter:label1\" content=\"Verfasst von\" \/>\n\t<meta name=\"twitter:data1\" content=\"Dr. Dirk Franke\" \/>\n\t<meta name=\"twitter:label2\" content=\"Gesch\u00e4tzte Lesezeit\" \/>\n\t<meta name=\"twitter:data2\" content=\"4\u00a0Minuten\" \/>\n<script type=\"application\/ld+json\" class=\"yoast-schema-graph\">{\"@context\":\"https:\\\/\\\/schema.org\",\"@graph\":[{\"@type\":\"Article\",\"@id\":\"https:\\\/\\\/blog.franke-ip.com\\\/de\\\/bgh-verletzung-der-farbmarke-gelb-fuer-langenscheidt-woerterbuecher\\\/#article\",\"isPartOf\":{\"@id\":\"https:\\\/\\\/blog.franke-ip.com\\\/de\\\/bgh-verletzung-der-farbmarke-gelb-fuer-langenscheidt-woerterbuecher\\\/\"},\"author\":{\"name\":\"Dr. Dirk Franke\",\"@id\":\"https:\\\/\\\/blog.franke-ip.com\\\/de\\\/#\\\/schema\\\/person\\\/96a45413fb6d4aa157003b7cabc1e70d\"},\"headline\":\"Farbmarke &#8222;gelb&#8220; f\u00fcr Langenscheidt vom BGH best\u00e4tigt\",\"datePublished\":\"2014-10-08T14:33:22+00:00\",\"dateModified\":\"2026-06-17T07:45:39+00:00\",\"mainEntityOfPage\":{\"@id\":\"https:\\\/\\\/blog.franke-ip.com\\\/de\\\/bgh-verletzung-der-farbmarke-gelb-fuer-langenscheidt-woerterbuecher\\\/\"},\"wordCount\":608,\"commentCount\":0,\"image\":{\"@id\":\"https:\\\/\\\/blog.franke-ip.com\\\/de\\\/bgh-verletzung-der-farbmarke-gelb-fuer-langenscheidt-woerterbuecher\\\/#primaryimage\"},\"thumbnailUrl\":\"https:\\\/\\\/blog.franke-ip.com\\\/de\\\/wp-content\\\/uploads\\\/2015\\\/03\\\/Langenscheid.png\",\"keywords\":[\"BGH\",\"Farbmarke\",\"Markenrecht\",\"Verletzung\"],\"articleSection\":[\"Deutsches Recht\",\"Markenrecht\"],\"inLanguage\":\"de\",\"potentialAction\":[{\"@type\":\"CommentAction\",\"name\":\"Comment\",\"target\":[\"https:\\\/\\\/blog.franke-ip.com\\\/de\\\/bgh-verletzung-der-farbmarke-gelb-fuer-langenscheidt-woerterbuecher\\\/#respond\"]}]},{\"@type\":\"WebPage\",\"@id\":\"https:\\\/\\\/blog.franke-ip.com\\\/de\\\/bgh-verletzung-der-farbmarke-gelb-fuer-langenscheidt-woerterbuecher\\\/\",\"url\":\"https:\\\/\\\/blog.franke-ip.com\\\/de\\\/bgh-verletzung-der-farbmarke-gelb-fuer-langenscheidt-woerterbuecher\\\/\",\"name\":\"Farbmarke \\\"gelb\\\" f\u00fcr Langenscheidt vom BGH best\u00e4tigt - Franke IP Information\",\"isPartOf\":{\"@id\":\"https:\\\/\\\/blog.franke-ip.com\\\/de\\\/#website\"},\"primaryImageOfPage\":{\"@id\":\"https:\\\/\\\/blog.franke-ip.com\\\/de\\\/bgh-verletzung-der-farbmarke-gelb-fuer-langenscheidt-woerterbuecher\\\/#primaryimage\"},\"image\":{\"@id\":\"https:\\\/\\\/blog.franke-ip.com\\\/de\\\/bgh-verletzung-der-farbmarke-gelb-fuer-langenscheidt-woerterbuecher\\\/#primaryimage\"},\"thumbnailUrl\":\"https:\\\/\\\/blog.franke-ip.com\\\/de\\\/wp-content\\\/uploads\\\/2015\\\/03\\\/Langenscheid.png\",\"datePublished\":\"2014-10-08T14:33:22+00:00\",\"dateModified\":\"2026-06-17T07:45:39+00:00\",\"author\":{\"@id\":\"https:\\\/\\\/blog.franke-ip.com\\\/de\\\/#\\\/schema\\\/person\\\/96a45413fb6d4aa157003b7cabc1e70d\"},\"description\":\"BGH: Rosetta Stone darf die Farbe Gelb nicht mehr f\u00fcr seine Produkte verwenden, weil Langenscheidt diese Farbmarke f\u00fcr sich gesichert hat.\",\"breadcrumb\":{\"@id\":\"https:\\\/\\\/blog.franke-ip.com\\\/de\\\/bgh-verletzung-der-farbmarke-gelb-fuer-langenscheidt-woerterbuecher\\\/#breadcrumb\"},\"inLanguage\":\"de\",\"potentialAction\":[{\"@type\":\"ReadAction\",\"target\":[\"https:\\\/\\\/blog.franke-ip.com\\\/de\\\/bgh-verletzung-der-farbmarke-gelb-fuer-langenscheidt-woerterbuecher\\\/\"]}]},{\"@type\":\"ImageObject\",\"inLanguage\":\"de\",\"@id\":\"https:\\\/\\\/blog.franke-ip.com\\\/de\\\/bgh-verletzung-der-farbmarke-gelb-fuer-langenscheidt-woerterbuecher\\\/#primaryimage\",\"url\":\"https:\\\/\\\/blog.franke-ip.com\\\/de\\\/wp-content\\\/uploads\\\/2015\\\/03\\\/Langenscheid.png\",\"contentUrl\":\"https:\\\/\\\/blog.franke-ip.com\\\/de\\\/wp-content\\\/uploads\\\/2015\\\/03\\\/Langenscheid.png\",\"width\":160,\"height\":160},{\"@type\":\"BreadcrumbList\",\"@id\":\"https:\\\/\\\/blog.franke-ip.com\\\/de\\\/bgh-verletzung-der-farbmarke-gelb-fuer-langenscheidt-woerterbuecher\\\/#breadcrumb\",\"itemListElement\":[{\"@type\":\"ListItem\",\"position\":1,\"name\":\"Home\",\"item\":\"https:\\\/\\\/blog.franke-ip.com\\\/de\\\/\"},{\"@type\":\"ListItem\",\"position\":2,\"name\":\"Farbmarke &#8222;gelb&#8220; f\u00fcr Langenscheidt vom BGH best\u00e4tigt\"}]},{\"@type\":\"WebSite\",\"@id\":\"https:\\\/\\\/blog.franke-ip.com\\\/de\\\/#website\",\"url\":\"https:\\\/\\\/blog.franke-ip.com\\\/de\\\/\",\"name\":\"Franke IP Information\",\"description\":\"IP-RECHT UND PRAXIS\",\"potentialAction\":[{\"@type\":\"SearchAction\",\"target\":{\"@type\":\"EntryPoint\",\"urlTemplate\":\"https:\\\/\\\/blog.franke-ip.com\\\/de\\\/?s={search_term_string}\"},\"query-input\":{\"@type\":\"PropertyValueSpecification\",\"valueRequired\":true,\"valueName\":\"search_term_string\"}}],\"inLanguage\":\"de\"},{\"@type\":\"Person\",\"@id\":\"https:\\\/\\\/blog.franke-ip.com\\\/de\\\/#\\\/schema\\\/person\\\/96a45413fb6d4aa157003b7cabc1e70d\",\"name\":\"Dr. Dirk Franke\",\"image\":{\"@type\":\"ImageObject\",\"inLanguage\":\"de\",\"@id\":\"https:\\\/\\\/blog.franke-ip.com\\\/de\\\/wp-content\\\/uploads\\\/2013\\\/10\\\/Dr.-Dirk-Franke_avatar_1381400598-96x96.jpg\",\"url\":\"https:\\\/\\\/blog.franke-ip.com\\\/de\\\/wp-content\\\/uploads\\\/2013\\\/10\\\/Dr.-Dirk-Franke_avatar_1381400598-96x96.jpg\",\"contentUrl\":\"https:\\\/\\\/blog.franke-ip.com\\\/de\\\/wp-content\\\/uploads\\\/2013\\\/10\\\/Dr.-Dirk-Franke_avatar_1381400598-96x96.jpg\",\"caption\":\"Dr. Dirk Franke\"},\"sameAs\":[\"http:\\\/\\\/franke-ip.com\\\/de\\\/dirkfranke.php\",\"https:\\\/\\\/www.facebook.com\\\/FrankePartner\",\"https:\\\/\\\/x.com\\\/http:\\\/\\\/franke_ip\"],\"url\":\"https:\\\/\\\/blog.franke-ip.com\\\/de\\\/author\\\/dirk-franke\\\/\"}]}<\/script>\n<!-- \/ Yoast SEO plugin. -->","yoast_head_json":{"title":"Farbmarke \"gelb\" f\u00fcr Langenscheidt vom BGH best\u00e4tigt - Franke IP Information","description":"BGH: Rosetta Stone darf die Farbe Gelb nicht mehr f\u00fcr seine Produkte verwenden, weil Langenscheidt diese Farbmarke f\u00fcr sich gesichert hat.","robots":{"index":"index","follow":"follow","max-snippet":"max-snippet:-1","max-image-preview":"max-image-preview:large","max-video-preview":"max-video-preview:-1"},"canonical":"https:\/\/blog.franke-ip.com\/de\/bgh-verletzung-der-farbmarke-gelb-fuer-langenscheidt-woerterbuecher\/","twitter_misc":{"Verfasst von":"Dr. Dirk Franke","Gesch\u00e4tzte Lesezeit":"4\u00a0Minuten"},"schema":{"@context":"https:\/\/schema.org","@graph":[{"@type":"Article","@id":"https:\/\/blog.franke-ip.com\/de\/bgh-verletzung-der-farbmarke-gelb-fuer-langenscheidt-woerterbuecher\/#article","isPartOf":{"@id":"https:\/\/blog.franke-ip.com\/de\/bgh-verletzung-der-farbmarke-gelb-fuer-langenscheidt-woerterbuecher\/"},"author":{"name":"Dr. Dirk Franke","@id":"https:\/\/blog.franke-ip.com\/de\/#\/schema\/person\/96a45413fb6d4aa157003b7cabc1e70d"},"headline":"Farbmarke &#8222;gelb&#8220; f\u00fcr Langenscheidt vom BGH best\u00e4tigt","datePublished":"2014-10-08T14:33:22+00:00","dateModified":"2026-06-17T07:45:39+00:00","mainEntityOfPage":{"@id":"https:\/\/blog.franke-ip.com\/de\/bgh-verletzung-der-farbmarke-gelb-fuer-langenscheidt-woerterbuecher\/"},"wordCount":608,"commentCount":0,"image":{"@id":"https:\/\/blog.franke-ip.com\/de\/bgh-verletzung-der-farbmarke-gelb-fuer-langenscheidt-woerterbuecher\/#primaryimage"},"thumbnailUrl":"https:\/\/blog.franke-ip.com\/de\/wp-content\/uploads\/2015\/03\/Langenscheid.png","keywords":["BGH","Farbmarke","Markenrecht","Verletzung"],"articleSection":["Deutsches Recht","Markenrecht"],"inLanguage":"de","potentialAction":[{"@type":"CommentAction","name":"Comment","target":["https:\/\/blog.franke-ip.com\/de\/bgh-verletzung-der-farbmarke-gelb-fuer-langenscheidt-woerterbuecher\/#respond"]}]},{"@type":"WebPage","@id":"https:\/\/blog.franke-ip.com\/de\/bgh-verletzung-der-farbmarke-gelb-fuer-langenscheidt-woerterbuecher\/","url":"https:\/\/blog.franke-ip.com\/de\/bgh-verletzung-der-farbmarke-gelb-fuer-langenscheidt-woerterbuecher\/","name":"Farbmarke \"gelb\" f\u00fcr Langenscheidt vom BGH best\u00e4tigt - Franke IP Information","isPartOf":{"@id":"https:\/\/blog.franke-ip.com\/de\/#website"},"primaryImageOfPage":{"@id":"https:\/\/blog.franke-ip.com\/de\/bgh-verletzung-der-farbmarke-gelb-fuer-langenscheidt-woerterbuecher\/#primaryimage"},"image":{"@id":"https:\/\/blog.franke-ip.com\/de\/bgh-verletzung-der-farbmarke-gelb-fuer-langenscheidt-woerterbuecher\/#primaryimage"},"thumbnailUrl":"https:\/\/blog.franke-ip.com\/de\/wp-content\/uploads\/2015\/03\/Langenscheid.png","datePublished":"2014-10-08T14:33:22+00:00","dateModified":"2026-06-17T07:45:39+00:00","author":{"@id":"https:\/\/blog.franke-ip.com\/de\/#\/schema\/person\/96a45413fb6d4aa157003b7cabc1e70d"},"description":"BGH: Rosetta Stone darf die Farbe Gelb nicht mehr f\u00fcr seine Produkte verwenden, weil Langenscheidt diese Farbmarke f\u00fcr sich gesichert hat.","breadcrumb":{"@id":"https:\/\/blog.franke-ip.com\/de\/bgh-verletzung-der-farbmarke-gelb-fuer-langenscheidt-woerterbuecher\/#breadcrumb"},"inLanguage":"de","potentialAction":[{"@type":"ReadAction","target":["https:\/\/blog.franke-ip.com\/de\/bgh-verletzung-der-farbmarke-gelb-fuer-langenscheidt-woerterbuecher\/"]}]},{"@type":"ImageObject","inLanguage":"de","@id":"https:\/\/blog.franke-ip.com\/de\/bgh-verletzung-der-farbmarke-gelb-fuer-langenscheidt-woerterbuecher\/#primaryimage","url":"https:\/\/blog.franke-ip.com\/de\/wp-content\/uploads\/2015\/03\/Langenscheid.png","contentUrl":"https:\/\/blog.franke-ip.com\/de\/wp-content\/uploads\/2015\/03\/Langenscheid.png","width":160,"height":160},{"@type":"BreadcrumbList","@id":"https:\/\/blog.franke-ip.com\/de\/bgh-verletzung-der-farbmarke-gelb-fuer-langenscheidt-woerterbuecher\/#breadcrumb","itemListElement":[{"@type":"ListItem","position":1,"name":"Home","item":"https:\/\/blog.franke-ip.com\/de\/"},{"@type":"ListItem","position":2,"name":"Farbmarke &#8222;gelb&#8220; f\u00fcr Langenscheidt vom BGH best\u00e4tigt"}]},{"@type":"WebSite","@id":"https:\/\/blog.franke-ip.com\/de\/#website","url":"https:\/\/blog.franke-ip.com\/de\/","name":"Franke IP Information","description":"IP-RECHT UND PRAXIS","potentialAction":[{"@type":"SearchAction","target":{"@type":"EntryPoint","urlTemplate":"https:\/\/blog.franke-ip.com\/de\/?s={search_term_string}"},"query-input":{"@type":"PropertyValueSpecification","valueRequired":true,"valueName":"search_term_string"}}],"inLanguage":"de"},{"@type":"Person","@id":"https:\/\/blog.franke-ip.com\/de\/#\/schema\/person\/96a45413fb6d4aa157003b7cabc1e70d","name":"Dr. Dirk Franke","image":{"@type":"ImageObject","inLanguage":"de","@id":"https:\/\/blog.franke-ip.com\/de\/wp-content\/uploads\/2013\/10\/Dr.-Dirk-Franke_avatar_1381400598-96x96.jpg","url":"https:\/\/blog.franke-ip.com\/de\/wp-content\/uploads\/2013\/10\/Dr.-Dirk-Franke_avatar_1381400598-96x96.jpg","contentUrl":"https:\/\/blog.franke-ip.com\/de\/wp-content\/uploads\/2013\/10\/Dr.-Dirk-Franke_avatar_1381400598-96x96.jpg","caption":"Dr. Dirk Franke"},"sameAs":["http:\/\/franke-ip.com\/de\/dirkfranke.php","https:\/\/www.facebook.com\/FrankePartner","https:\/\/x.com\/http:\/\/franke_ip"],"url":"https:\/\/blog.franke-ip.com\/de\/author\/dirk-franke\/"}]}},"_links":{"self":[{"href":"https:\/\/blog.franke-ip.com\/de\/wp-json\/wp\/v2\/posts\/537","targetHints":{"allow":["GET"]}}],"collection":[{"href":"https:\/\/blog.franke-ip.com\/de\/wp-json\/wp\/v2\/posts"}],"about":[{"href":"https:\/\/blog.franke-ip.com\/de\/wp-json\/wp\/v2\/types\/post"}],"author":[{"embeddable":true,"href":"https:\/\/blog.franke-ip.com\/de\/wp-json\/wp\/v2\/users\/1"}],"replies":[{"embeddable":true,"href":"https:\/\/blog.franke-ip.com\/de\/wp-json\/wp\/v2\/comments?post=537"}],"version-history":[{"count":0,"href":"https:\/\/blog.franke-ip.com\/de\/wp-json\/wp\/v2\/posts\/537\/revisions"}],"wp:featuredmedia":[{"embeddable":true,"href":"https:\/\/blog.franke-ip.com\/de\/wp-json\/wp\/v2\/media\/623"}],"wp:attachment":[{"href":"https:\/\/blog.franke-ip.com\/de\/wp-json\/wp\/v2\/media?parent=537"}],"wp:term":[{"taxonomy":"category","embeddable":true,"href":"https:\/\/blog.franke-ip.com\/de\/wp-json\/wp\/v2\/categories?post=537"},{"taxonomy":"post_tag","embeddable":true,"href":"https:\/\/blog.franke-ip.com\/de\/wp-json\/wp\/v2\/tags?post=537"}],"curies":[{"name":"wp","href":"https:\/\/api.w.org\/{rel}","templated":true}]}}